
{"id":2139,"date":"2019-08-19T13:41:11","date_gmt":"2019-08-19T11:41:11","guid":{"rendered":"http:\/\/bpl.se\/apelas\/?p=2139"},"modified":"2019-08-19T13:41:11","modified_gmt":"2019-08-19T11:41:11","slug":"valkomna-pa-konst-och-jordbearbetningshelg-24-25-augusti","status":"publish","type":"post","link":"http:\/\/bpl.se\/apelas\/valkomna-pa-konst-och-jordbearbetningshelg-24-25-augusti\/","title":{"rendered":"V\u00e4lkomna p\u00e5 konst- och jordbearbetningshelg 24-25 augusti"},"content":{"rendered":"<p><img loading=\"lazy\" decoding=\"async\" src=\"http:\/\/bpl.se\/apelas\/wp-content\/uploads\/2019\/08\/apelas_utst_nyberg_fb-002-500x262.jpg\" alt=\"\" width=\"500\" height=\"262\" class=\"alignnone size-medium wp-image-2140\" srcset=\"http:\/\/bpl.se\/apelas\/wp-content\/uploads\/2019\/08\/apelas_utst_nyberg_fb-002-500x262.jpg 500w, http:\/\/bpl.se\/apelas\/wp-content\/uploads\/2019\/08\/apelas_utst_nyberg_fb-002-768x402.jpg 768w, http:\/\/bpl.se\/apelas\/wp-content\/uploads\/2019\/08\/apelas_utst_nyberg_fb-002-1024x536.jpg 1024w, http:\/\/bpl.se\/apelas\/wp-content\/uploads\/2019\/08\/apelas_utst_nyberg_fb-002.jpg 1260w\" sizes=\"(max-width: 500px) 100vw, 500px\" \/><br \/>\n<strong>Till helgen (24-25 augusti)<\/strong> har vi bjudit in <strong>Birgitta, Juha och Linn\u00e9a Nyberg<\/strong> som tillsammans st\u00e4ller ut <strong>m\u00e5lningar och illustrationer<\/strong> som sp\u00e4nner \u00f6ver flera tekniker &#8211; <strong>akvarell, tusch, olja och akryl<\/strong>. <\/p>\n<p><strong>Om konstn\u00e4rerna<\/strong><\/p>\n<p><strong>Birgitta<\/strong> hittar ofta inspiration till sina akvarell- och oljem\u00e5lningar i den lantliga n\u00e4rmilj\u00f6n som ibland \u00e4ven tar sig ett sagolikt uttryck.<\/p>\n<p><strong>Juha<\/strong> tecknar helst m\u00e4nniskor i r\u00f6relse, s\u00e5 som dansare och musiker.<br \/>\nIbland kan det ocks\u00e5 bli en och annan akvarell fr\u00e5n fj\u00e4llv\u00e4rlden.<\/p>\n<p><strong>Linn\u00e9a<\/strong> tecknar djur av alla slag i en modern och stilistiskt form &#8211; ofta med inspiration fr\u00e5n origami.<\/p>\n<p>Denna helgen har vi \u00e4ven<strong> demohelg<\/strong> tillsammans med <strong>Swedish Agro Machinery Skara<\/strong> som kommer att visa <strong>jordbearbetnings redskap, traktorer och tr\u00f6ska<\/strong>.<br \/>\nUtanf\u00f6r butiken finner ni <strong>Inger Kronqvist<\/strong> som <strong>inspirerar er i perennernas<\/strong> v\u00e4rld samt har med till <strong>f\u00f6rs\u00e4ljning<\/strong>!<\/p>\n","protected":false},"excerpt":{"rendered":"<p>Till helgen (24-25 augusti) har vi bjudit in Birgitta, Juha och Linn\u00e9a Nyberg som tillsammans st\u00e4ller ut m\u00e5lningar och illustrationer som sp\u00e4nner \u00f6ver flera tekniker &#8211; akvarell, tusch, olja och akryl. Om konstn\u00e4rerna Birgitta hittar ofta inspiration till sina akvarell- och oljem\u00e5lningar i den lantliga n\u00e4rmilj\u00f6n som ibland \u00e4ven tar sig ett sagolikt uttryck. Juha [&hellip;]<\/p>\n","protected":false},"author":2,"featured_media":0,"comment_status":"closed","ping_status":"closed","sticky":false,"template":"","format":"standard","meta":{"footnotes":""},"categories":[1],"tags":[],"_links":{"self":[{"href":"http:\/\/bpl.se\/apelas\/wp-json\/wp\/v2\/posts\/2139"}],"collection":[{"href":"http:\/\/bpl.se\/apelas\/wp-json\/wp\/v2\/posts"}],"about":[{"href":"http:\/\/bpl.se\/apelas\/wp-json\/wp\/v2\/types\/post"}],"author":[{"embeddable":true,"href":"http:\/\/bpl.se\/apelas\/wp-json\/wp\/v2\/users\/2"}],"replies":[{"embeddable":true,"href":"http:\/\/bpl.se\/apelas\/wp-json\/wp\/v2\/comments?post=2139"}],"version-history":[{"count":1,"href":"http:\/\/bpl.se\/apelas\/wp-json\/wp\/v2\/posts\/2139\/revisions"}],"predecessor-version":[{"id":2141,"href":"http:\/\/bpl.se\/apelas\/wp-json\/wp\/v2\/posts\/2139\/revisions\/2141"}],"wp:attachment":[{"href":"http:\/\/bpl.se\/apelas\/wp-json\/wp\/v2\/media?parent=2139"}],"wp:term":[{"taxonomy":"category","embeddable":true,"href":"http:\/\/bpl.se\/apelas\/wp-json\/wp\/v2\/categories?post=2139"},{"taxonomy":"post_tag","embeddable":true,"href":"http:\/\/bpl.se\/apelas\/wp-json\/wp\/v2\/tags?post=2139"}],"curies":[{"name":"wp","href":"https:\/\/api.w.org\/{rel}","templated":true}]}}