
{"id":2286,"date":"2020-11-09T16:51:08","date_gmt":"2020-11-09T15:51:08","guid":{"rendered":"http:\/\/bpl.se\/apelas\/?p=2286"},"modified":"2020-11-09T16:51:08","modified_gmt":"2020-11-09T15:51:08","slug":"valkomna-till-var-mysiga-julmarknad-21-22-november-12-13-december-kl-11-16","status":"publish","type":"post","link":"http:\/\/bpl.se\/apelas\/valkomna-till-var-mysiga-julmarknad-21-22-november-12-13-december-kl-11-16\/","title":{"rendered":"V\u00e4lkomna till v\u00e5r mysiga julmarknad 21-22 november &#038; 12-13 december kl.11-16"},"content":{"rendered":"<p><em>V\u00e4lkomna till v\u00e5r lokala och mysiga julmarknad hos Butiken p\u00e5 Landet.<\/p>\n<p>Hos oss kan du bl a k\u00f6pa din advents- &#038; julgran, beh\u00f6ver du hj\u00e4lp med hemk\u00f6rningen s\u00e5 hj\u00e4lper vi till med det mot en liten peng inom Lidk\u00f6ping. Julgransf\u00f6rs\u00e4ljningen kommer att vara \u00f6ppen fram till dagen f\u00f6re julafton under butikstider eller efter \u00f6verenskommelse. Ring 070-333 51 81 om du vill komma utanf\u00f6r ordinarie \u00f6ppettider.<\/p>\n<p>Ni kan \u00e4ven k\u00f6pa gl\u00f6gg, kransar, godis, mj\u00f6l till adventsbaket, honung och mer d\u00e4rtill&#8230; Kom och b\u00f6rja ditt mysiga julfirande tillsammans med oss!!<\/p>\n<p>V\u00e5ra \u00f6ppettider \u00e4r:<\/p>\n<p>Ons-Tors 13-18<\/p>\n<p>Fre 13-16\u00a0<\/p>\n<p>L\u00f6r-s\u00f6n 11-16<\/em><br \/>\n<img loading=\"lazy\" decoding=\"async\" src=\"http:\/\/bpl.se\/apelas\/wp-content\/uploads\/2020\/11\/julmarknad-apelal_s-201105-4000px-500x354.jpg\" alt=\"\" width=\"500\" height=\"354\" class=\"alignnone size-medium wp-image-2287\" srcset=\"http:\/\/bpl.se\/apelas\/wp-content\/uploads\/2020\/11\/julmarknad-apelal_s-201105-4000px-500x354.jpg 500w, http:\/\/bpl.se\/apelas\/wp-content\/uploads\/2020\/11\/julmarknad-apelal_s-201105-4000px-768x543.jpg 768w, http:\/\/bpl.se\/apelas\/wp-content\/uploads\/2020\/11\/julmarknad-apelal_s-201105-4000px-1024x724.jpg 1024w\" sizes=\"(max-width: 500px) 100vw, 500px\" \/><\/p>\n","protected":false},"excerpt":{"rendered":"<p>V\u00e4lkomna till v\u00e5r lokala och mysiga julmarknad hos Butiken p\u00e5 Landet. Hos oss kan du bl a k\u00f6pa din advents- &#038; julgran, beh\u00f6ver du hj\u00e4lp med hemk\u00f6rningen s\u00e5 hj\u00e4lper vi till med det mot en liten peng inom Lidk\u00f6ping. Julgransf\u00f6rs\u00e4ljningen kommer att vara \u00f6ppen fram till dagen f\u00f6re julafton under butikstider eller efter \u00f6verenskommelse. Ring [&hellip;]<\/p>\n","protected":false},"author":2,"featured_media":0,"comment_status":"closed","ping_status":"closed","sticky":false,"template":"","format":"standard","meta":{"footnotes":""},"categories":[1],"tags":[],"_links":{"self":[{"href":"http:\/\/bpl.se\/apelas\/wp-json\/wp\/v2\/posts\/2286"}],"collection":[{"href":"http:\/\/bpl.se\/apelas\/wp-json\/wp\/v2\/posts"}],"about":[{"href":"http:\/\/bpl.se\/apelas\/wp-json\/wp\/v2\/types\/post"}],"author":[{"embeddable":true,"href":"http:\/\/bpl.se\/apelas\/wp-json\/wp\/v2\/users\/2"}],"replies":[{"embeddable":true,"href":"http:\/\/bpl.se\/apelas\/wp-json\/wp\/v2\/comments?post=2286"}],"version-history":[{"count":1,"href":"http:\/\/bpl.se\/apelas\/wp-json\/wp\/v2\/posts\/2286\/revisions"}],"predecessor-version":[{"id":2288,"href":"http:\/\/bpl.se\/apelas\/wp-json\/wp\/v2\/posts\/2286\/revisions\/2288"}],"wp:attachment":[{"href":"http:\/\/bpl.se\/apelas\/wp-json\/wp\/v2\/media?parent=2286"}],"wp:term":[{"taxonomy":"category","embeddable":true,"href":"http:\/\/bpl.se\/apelas\/wp-json\/wp\/v2\/categories?post=2286"},{"taxonomy":"post_tag","embeddable":true,"href":"http:\/\/bpl.se\/apelas\/wp-json\/wp\/v2\/tags?post=2286"}],"curies":[{"name":"wp","href":"https:\/\/api.w.org\/{rel}","templated":true}]}}