
{"id":2313,"date":"2021-03-30T13:56:53","date_gmt":"2021-03-30T11:56:53","guid":{"rendered":"http:\/\/bpl.se\/apelas\/?p=2313"},"modified":"2021-03-30T13:56:54","modified_gmt":"2021-03-30T11:56:54","slug":"gor-en-utflykt-till-var-mysiga-butik-i-pask-%f0%9f%90%a3%f0%9f%90%a3","status":"publish","type":"post","link":"http:\/\/bpl.se\/apelas\/gor-en-utflykt-till-var-mysiga-butik-i-pask-%f0%9f%90%a3%f0%9f%90%a3\/","title":{"rendered":"G\u00f6r en utflykt till v\u00e5r mysiga butik i p\u00e5sk! \ud83d\udc23\ud83d\udc23"},"content":{"rendered":"<p>Passa p\u00e5 att bes\u00f6ka en h\u00e4rligt v\u00e5rfylld butik, kaffet \u00e4r p\u00e5, vi \u00e4r p\u00e5 t\u00e5 och P\u00e5sken \u00e4r h\u00e4r!<\/p>\n<p>\ud83d\udc23Under onsdag &#8211; s\u00f6ndag har ni m\u00f6jlighet att se v\u00e5r <strong>konstutst\u00e4llning<\/strong> med akvarellm\u00e5laren <strong>Eva-Karin Wollse&#8217;n <\/strong>fr\u00e5n Lidk\u00f6ping.<\/p>\n<p>\ud83d\udc23Vi har sedvanligt en <strong>p\u00e5skt\u00e4vling <\/strong>bland alla handlande kunder&#8230;<\/p>\n<p>\ud83d\udc23I \u00e5r finns \u00e4ven Era <strong>bonuskort i kassan <\/strong>\u00f6ver p\u00e5sk&#8230;<\/p>\n<p>\ud83d\udc23Vi bjuder p\u00e5 <strong>p\u00e5skbakelse till kaffet&#8230;<\/strong>och vi f\u00f6ljer FHM rekommendationer!!!<\/p>\n<p>\ud83d\udc23<strong>VIKTIGT!! <\/strong> Utanf\u00f6r butiken finns det kl\u00e4dnypor, innan man g\u00e5r in i butiken spritar man h\u00e4nderna, tar med sig en kl\u00e4dnypa\/person och n\u00e4r man g\u00e5r ut l\u00e4gger man tillbaks den och avslutar med att sprita h\u00e4nderna igen.<\/p>\n<p><strong>OM kl\u00e4dnyporna \u00e4r SLUT &#8211; v\u00e4nta utanf\u00f6r tills det blir en ledig kl\u00e4dnypa! <\/strong><\/p>\n<p>\ud83d\udc23P\u00e5skens \u00f6ppettider:<\/p>\n<p>Onsdag 13-18<\/p>\n<p>Sk\u00e4rtorsdag 13-16<\/p>\n<p>L\u00e5ngfredag 12-16<\/p>\n<p>P\u00e5skafton 12-15<\/p>\n<p>P\u00e5skdagen 12-16<\/p>\n<p>Annandag p\u00e5sk -ST\u00c4NGT ( end f\u00f6rbokade kunder, ring 070-3335181 f\u00f6r bokning)<\/p>\n<p><img loading=\"lazy\" decoding=\"async\" src=\"http:\/\/bpl.se\/apelas\/wp-content\/uploads\/2021\/03\/pask21_apelasa5-1.jpg\" class=\"size-full wp-image-2311\" width=\"1240\" height=\"874\" srcset=\"http:\/\/bpl.se\/apelas\/wp-content\/uploads\/2021\/03\/pask21_apelasa5-1.jpg 1240w, http:\/\/bpl.se\/apelas\/wp-content\/uploads\/2021\/03\/pask21_apelasa5-1-500x352.jpg 500w, http:\/\/bpl.se\/apelas\/wp-content\/uploads\/2021\/03\/pask21_apelasa5-1-768x541.jpg 768w, http:\/\/bpl.se\/apelas\/wp-content\/uploads\/2021\/03\/pask21_apelasa5-1-1024x722.jpg 1024w\" sizes=\"(max-width: 1240px) 100vw, 1240px\" \/><img loading=\"lazy\" decoding=\"async\" src=\"http:\/\/bpl.se\/apelas\/wp-content\/uploads\/2021\/03\/pask21_apelasa52-1.jpg\" class=\"size-full wp-image-2312\" width=\"1240\" height=\"874\" srcset=\"http:\/\/bpl.se\/apelas\/wp-content\/uploads\/2021\/03\/pask21_apelasa52-1.jpg 1240w, http:\/\/bpl.se\/apelas\/wp-content\/uploads\/2021\/03\/pask21_apelasa52-1-500x352.jpg 500w, http:\/\/bpl.se\/apelas\/wp-content\/uploads\/2021\/03\/pask21_apelasa52-1-768x541.jpg 768w, http:\/\/bpl.se\/apelas\/wp-content\/uploads\/2021\/03\/pask21_apelasa52-1-1024x722.jpg 1024w\" sizes=\"(max-width: 1240px) 100vw, 1240px\" \/><\/p>\n","protected":false},"excerpt":{"rendered":"<p>Passa p\u00e5 att bes\u00f6ka en h\u00e4rligt v\u00e5rfylld butik, kaffet \u00e4r p\u00e5, vi \u00e4r p\u00e5 t\u00e5 och P\u00e5sken \u00e4r h\u00e4r! \ud83d\udc23Under onsdag &#8211; s\u00f6ndag har ni m\u00f6jlighet att se v\u00e5r konstutst\u00e4llning med akvarellm\u00e5laren Eva-Karin Wollse&#8217;n fr\u00e5n Lidk\u00f6ping. \ud83d\udc23Vi har sedvanligt en p\u00e5skt\u00e4vling bland alla handlande kunder&#8230; \ud83d\udc23I \u00e5r finns \u00e4ven Era bonuskort i kassan \u00f6ver p\u00e5sk&#8230; [&hellip;]<\/p>\n","protected":false},"author":2,"featured_media":0,"comment_status":"closed","ping_status":"closed","sticky":false,"template":"","format":"standard","meta":{"footnotes":""},"categories":[1],"tags":[],"_links":{"self":[{"href":"http:\/\/bpl.se\/apelas\/wp-json\/wp\/v2\/posts\/2313"}],"collection":[{"href":"http:\/\/bpl.se\/apelas\/wp-json\/wp\/v2\/posts"}],"about":[{"href":"http:\/\/bpl.se\/apelas\/wp-json\/wp\/v2\/types\/post"}],"author":[{"embeddable":true,"href":"http:\/\/bpl.se\/apelas\/wp-json\/wp\/v2\/users\/2"}],"replies":[{"embeddable":true,"href":"http:\/\/bpl.se\/apelas\/wp-json\/wp\/v2\/comments?post=2313"}],"version-history":[{"count":1,"href":"http:\/\/bpl.se\/apelas\/wp-json\/wp\/v2\/posts\/2313\/revisions"}],"predecessor-version":[{"id":2314,"href":"http:\/\/bpl.se\/apelas\/wp-json\/wp\/v2\/posts\/2313\/revisions\/2314"}],"wp:attachment":[{"href":"http:\/\/bpl.se\/apelas\/wp-json\/wp\/v2\/media?parent=2313"}],"wp:term":[{"taxonomy":"category","embeddable":true,"href":"http:\/\/bpl.se\/apelas\/wp-json\/wp\/v2\/categories?post=2313"},{"taxonomy":"post_tag","embeddable":true,"href":"http:\/\/bpl.se\/apelas\/wp-json\/wp\/v2\/tags?post=2313"}],"curies":[{"name":"wp","href":"https:\/\/api.w.org\/{rel}","templated":true}]}}