
{"id":2330,"date":"2021-08-15T23:08:31","date_gmt":"2021-08-15T21:08:31","guid":{"rendered":"http:\/\/bpl.se\/apelas\/?p=2330"},"modified":"2021-08-15T23:08:32","modified_gmt":"2021-08-15T21:08:32","slug":"2330-2","status":"publish","type":"post","link":"http:\/\/bpl.se\/apelas\/2330-2\/","title":{"rendered":""},"content":{"rendered":"<p>Idag s\u00f6ndag efter st\u00e4ngning skjutsade mannen som jag inte sett till sen frukost mig mot Sk\u00f6vde och t\u00e5get mot Stockholm.<\/p>\n<p>Det \u00e4r ink\u00f6pstider, vi ska nu se och k\u00f6pa in kl\u00e4derna f\u00f6r v\u00e5ren och sommaren 2022.<\/p>\n<p>Det \u00e4r med kluvna k\u00e4nslor man reser iv\u00e4g p\u00e5 arbete n\u00e4r man vet att man \u00e4ven beh\u00f6vs hemma i sk\u00f6rden, men nu f\u00e5r jag tr\u00e4ffa likasinnade, kollegor i Butiken p\u00e5 Landet, utbyta erfarenheter och hitta ny inspiration. Fantastiskt roligt n\u00e4r man v\u00e4l \u00e4r p\u00e5 plats!<\/p>\n<p>Nu \u00e4r det intensiva dagar fr\u00e5n morgon till kv\u00e4ll, ska bli s\u00e5\u00e5 sp\u00e4nnande att se vad som kommer till n\u00e4sta v\u00e5r\/sommar&#8230;uppdatering kommer&#8230;.<\/p>\n<p>Nu en bild p\u00e5 hotellets vackra entr\u00e9 p\u00e5 Elite Hotell Marina Tower i Nacka.<\/p>\n<p><img loading=\"lazy\" decoding=\"async\" src=\"http:\/\/bpl.se\/apelas\/wp-content\/uploads\/2021\/08\/img_3716.jpg\" class=\"size-full wp-image-2329\" width=\"3024\" height=\"4032\" srcset=\"http:\/\/bpl.se\/apelas\/wp-content\/uploads\/2021\/08\/img_3716.jpg 3024w, http:\/\/bpl.se\/apelas\/wp-content\/uploads\/2021\/08\/img_3716-375x500.jpg 375w, http:\/\/bpl.se\/apelas\/wp-content\/uploads\/2021\/08\/img_3716-768x1024.jpg 768w\" sizes=\"(max-width: 3024px) 100vw, 3024px\" \/><\/p>\n","protected":false},"excerpt":{"rendered":"<p>Idag s\u00f6ndag efter st\u00e4ngning skjutsade mannen som jag inte sett till sen frukost mig mot Sk\u00f6vde och t\u00e5get mot Stockholm. Det \u00e4r ink\u00f6pstider, vi ska nu se och k\u00f6pa in kl\u00e4derna f\u00f6r v\u00e5ren och sommaren 2022. Det \u00e4r med kluvna k\u00e4nslor man reser iv\u00e4g p\u00e5 arbete n\u00e4r man vet att man \u00e4ven beh\u00f6vs hemma i [&hellip;]<\/p>\n","protected":false},"author":2,"featured_media":0,"comment_status":"closed","ping_status":"closed","sticky":false,"template":"","format":"standard","meta":{"footnotes":""},"categories":[1],"tags":[],"_links":{"self":[{"href":"http:\/\/bpl.se\/apelas\/wp-json\/wp\/v2\/posts\/2330"}],"collection":[{"href":"http:\/\/bpl.se\/apelas\/wp-json\/wp\/v2\/posts"}],"about":[{"href":"http:\/\/bpl.se\/apelas\/wp-json\/wp\/v2\/types\/post"}],"author":[{"embeddable":true,"href":"http:\/\/bpl.se\/apelas\/wp-json\/wp\/v2\/users\/2"}],"replies":[{"embeddable":true,"href":"http:\/\/bpl.se\/apelas\/wp-json\/wp\/v2\/comments?post=2330"}],"version-history":[{"count":1,"href":"http:\/\/bpl.se\/apelas\/wp-json\/wp\/v2\/posts\/2330\/revisions"}],"predecessor-version":[{"id":2331,"href":"http:\/\/bpl.se\/apelas\/wp-json\/wp\/v2\/posts\/2330\/revisions\/2331"}],"wp:attachment":[{"href":"http:\/\/bpl.se\/apelas\/wp-json\/wp\/v2\/media?parent=2330"}],"wp:term":[{"taxonomy":"category","embeddable":true,"href":"http:\/\/bpl.se\/apelas\/wp-json\/wp\/v2\/categories?post=2330"},{"taxonomy":"post_tag","embeddable":true,"href":"http:\/\/bpl.se\/apelas\/wp-json\/wp\/v2\/tags?post=2330"}],"curies":[{"name":"wp","href":"https:\/\/api.w.org\/{rel}","templated":true}]}}