
{"id":2431,"date":"2023-06-28T04:52:00","date_gmt":"2023-06-28T02:52:00","guid":{"rendered":"http:\/\/bpl.se\/apelas\/?p=2431"},"modified":"2023-06-28T04:52:00","modified_gmt":"2023-06-28T02:52:00","slug":"sommarrean-startar-onsdagen-den-28-juni-kl-1000","status":"publish","type":"post","link":"http:\/\/bpl.se\/apelas\/sommarrean-startar-onsdagen-den-28-juni-kl-1000\/","title":{"rendered":"Sommarrean startar onsdagen den 28 juni kl.10:00"},"content":{"rendered":"<p>V\u00e4lkomna under onsdagen kl 10-18:00<\/p>\n<p>Ordinarie \u00f6ppettider:<\/p>\n<p>Ons-tors 13-18<\/p>\n<p>Fre 13-16<\/p>\n<p>L\u00f6r-s\u00f6n 11-16<\/p>\n<p><img loading=\"lazy\" decoding=\"async\" class=\"alignnone size-medium wp-image-2432\" src=\"http:\/\/bpl.se\/apelas\/wp-content\/uploads\/2023\/06\/sommarrea_23_apelas-500x352.jpg\" alt=\"\" width=\"500\" height=\"352\" srcset=\"http:\/\/bpl.se\/apelas\/wp-content\/uploads\/2023\/06\/sommarrea_23_apelas-500x352.jpg 500w, http:\/\/bpl.se\/apelas\/wp-content\/uploads\/2023\/06\/sommarrea_23_apelas-768x541.jpg 768w, http:\/\/bpl.se\/apelas\/wp-content\/uploads\/2023\/06\/sommarrea_23_apelas-1024x722.jpg 1024w, http:\/\/bpl.se\/apelas\/wp-content\/uploads\/2023\/06\/sommarrea_23_apelas.jpg 1240w\" sizes=\"(max-width: 500px) 100vw, 500px\" \/><\/p>\n","protected":false},"excerpt":{"rendered":"<p>V\u00e4lkomna under onsdagen kl 10-18:00 Ordinarie \u00f6ppettider: Ons-tors 13-18 Fre 13-16 L\u00f6r-s\u00f6n 11-16<\/p>\n","protected":false},"author":2,"featured_media":0,"comment_status":"closed","ping_status":"closed","sticky":false,"template":"","format":"standard","meta":{"footnotes":""},"categories":[1],"tags":[],"_links":{"self":[{"href":"http:\/\/bpl.se\/apelas\/wp-json\/wp\/v2\/posts\/2431"}],"collection":[{"href":"http:\/\/bpl.se\/apelas\/wp-json\/wp\/v2\/posts"}],"about":[{"href":"http:\/\/bpl.se\/apelas\/wp-json\/wp\/v2\/types\/post"}],"author":[{"embeddable":true,"href":"http:\/\/bpl.se\/apelas\/wp-json\/wp\/v2\/users\/2"}],"replies":[{"embeddable":true,"href":"http:\/\/bpl.se\/apelas\/wp-json\/wp\/v2\/comments?post=2431"}],"version-history":[{"count":1,"href":"http:\/\/bpl.se\/apelas\/wp-json\/wp\/v2\/posts\/2431\/revisions"}],"predecessor-version":[{"id":2433,"href":"http:\/\/bpl.se\/apelas\/wp-json\/wp\/v2\/posts\/2431\/revisions\/2433"}],"wp:attachment":[{"href":"http:\/\/bpl.se\/apelas\/wp-json\/wp\/v2\/media?parent=2431"}],"wp:term":[{"taxonomy":"category","embeddable":true,"href":"http:\/\/bpl.se\/apelas\/wp-json\/wp\/v2\/categories?post=2431"},{"taxonomy":"post_tag","embeddable":true,"href":"http:\/\/bpl.se\/apelas\/wp-json\/wp\/v2\/tags?post=2431"}],"curies":[{"name":"wp","href":"https:\/\/api.w.org\/{rel}","templated":true}]}}